{"id":1420,"date":"2017-11-15T16:16:14","date_gmt":"2017-11-15T15:16:14","guid":{"rendered":"http:\/\/www.aesthetik.hu-berlin.de\/?p=1420"},"modified":"2021-01-31T12:19:36","modified_gmt":"2021-01-31T11:19:36","slug":"gegen-die-welt-gegen-das-leben-kulturgeschichte-der-negativitaet","status":"publish","type":"post","link":"https:\/\/www.aesthetik.hu-berlin.de\/de\/gegen-die-welt-gegen-das-leben-kulturgeschichte-der-negativitaet\/","title":{"rendered":"Gegen die Welt, gegen das Leben. Kulturgeschichte der Negativit\u00e4t"},"content":{"rendered":"<div>Samuel Becketts Monolog\u00a0<i>Not I<\/i>\u00a0treibt die Reduktion des Dramatischen auf die Spitze. Zu sehen ist ein hell angestrahlter, sprechender Mund, umgeben von tiefstem Schwarz. Eine weibliche Stimme tr\u00e4gt die Bruchst\u00fccke einer Lebensgeschichte vor, die um ein Trauma kreist, verweigert jedoch die Einsicht, dass es sich um ihre eigene Geschichte handelt: \u00bbWhat? \u2026 who?&#8230; no! \u2026 she!\u00ab Negation tritt in den Dienst der Verdr\u00e4ngung, das St\u00fcck kann gelesen werden als beispielhaftes Zeugnis sprachlicher wie existentieller Negativit\u00e4t.<\/div>\n<p>&nbsp;<\/p>\n<p>Was aber verbirgt sich eigentlich hinter diesem Begriff \u00bbNegativit\u00e4t\u00ab? Handelt es sich um eine Denkweise, eine Haltung zur Existenz, ein logisches Verfahren oder eine metaphysische Position? Welcher Unterschied besteht zwischen den Begriffen Negativit\u00e4t, Pessimismus, Nihilismus und Antihumanismus? Im Seminar widmen wir uns der Herausforderung des Negativen aus einer interdisziplin\u00e4ren Perspektive und entlang intermedialer \u00dcberschneidungen, um eine m\u00f6glichst breite Palette von Konzepten, Figuren, Thematisierungen und Dispositiven der Negativit\u00e4t in den Blick zu r\u00fccken: Vom kosmologisch-negativen Wissen der Gnosis im Bereich der Religionsgeschichte \u00fcber philosophische Analysen, die Negativit\u00e4t aus einer metaphysischen (Schopenhauer), existentiellen (Nietzsche, Camus, Cioran), geschichtsphilosophischen (Hegel, Nancy) oder kritischen (Adorno) Warte kontextualisieren, bis hin zu paradigmatischen Positionen \u00bb\u00e4sthetischer Negativit\u00e4t\u00ab (Adorno, Iser, Menke, Bohrer), die sich an Texten von Giacomo Leopardi, Samuel Beckett, Thomas Bernhard oder Michel Houellebecq explizieren lassen.<\/p>\n<p>Auf diese Weise soll der als catch-all-term problematisch gewordene Begriff in seiner Beziehung zu unterschiedlichen Kulturbereichen analysiert und konkretisiert werden, mit der Absicht, m\u00f6gliche Aspekte einer \u00bbTheorie der Negativit\u00e4t\u00ab zu entwerfen und zu diskutieren.<\/p>\n<p>Abbildung:\u00a0Samuel Beckett: Not I. Filmstill aus: Ders.: Filme f\u00fcr den SDR. Filmedition Suhrkamp, Frankfurt am Main: Suhrkamp 2006, Minute 2&#8217;03.<\/p>\n","protected":false},"excerpt":{"rendered":"<p>Was verbirgt sich eigentlich hinter dem Begriff der \u00bbNegativit\u00e4t\u00ab? Handelt es sich um eine Denkweise, eine Haltung zur Existenz, ein logisches Verfahren oder eine metaphysische Position? Welcher Unterschied besteht zwischen den Begriffen Negativit\u00e4t, Pessimismus, Nihilismus und Antihumanismus?<\/p>\n","protected":false},"author":2,"featured_media":1476,"comment_status":"closed","ping_status":"closed","sticky":false,"template":"","format":"standard","meta":[],"categories":[3],"tags":[],"acf":[],"_links":{"self":[{"href":"https:\/\/www.aesthetik.hu-berlin.de\/de\/wp-json\/wp\/v2\/posts\/1420"}],"collection":[{"href":"https:\/\/www.aesthetik.hu-berlin.de\/de\/wp-json\/wp\/v2\/posts"}],"about":[{"href":"https:\/\/www.aesthetik.hu-berlin.de\/de\/wp-json\/wp\/v2\/types\/post"}],"author":[{"embeddable":true,"href":"https:\/\/www.aesthetik.hu-berlin.de\/de\/wp-json\/wp\/v2\/users\/2"}],"replies":[{"embeddable":true,"href":"https:\/\/www.aesthetik.hu-berlin.de\/de\/wp-json\/wp\/v2\/comments?post=1420"}],"version-history":[{"count":3,"href":"https:\/\/www.aesthetik.hu-berlin.de\/de\/wp-json\/wp\/v2\/posts\/1420\/revisions"}],"predecessor-version":[{"id":2030,"href":"https:\/\/www.aesthetik.hu-berlin.de\/de\/wp-json\/wp\/v2\/posts\/1420\/revisions\/2030"}],"wp:featuredmedia":[{"embeddable":true,"href":"https:\/\/www.aesthetik.hu-berlin.de\/de\/wp-json\/wp\/v2\/media\/1476"}],"wp:attachment":[{"href":"https:\/\/www.aesthetik.hu-berlin.de\/de\/wp-json\/wp\/v2\/media?parent=1420"}],"wp:term":[{"taxonomy":"category","embeddable":true,"href":"https:\/\/www.aesthetik.hu-berlin.de\/de\/wp-json\/wp\/v2\/categories?post=1420"},{"taxonomy":"post_tag","embeddable":true,"href":"https:\/\/www.aesthetik.hu-berlin.de\/de\/wp-json\/wp\/v2\/tags?post=1420"}],"curies":[{"name":"wp","href":"https:\/\/api.w.org\/{rel}","templated":true}]}}