{"id":1933,"date":"2018-03-09T10:07:10","date_gmt":"2018-03-09T09:07:10","guid":{"rendered":"http:\/\/www.aesthetik.hu-berlin.de\/?p=1933"},"modified":"2021-02-02T16:36:53","modified_gmt":"2021-02-02T15:36:53","slug":"laura-busse","status":"publish","type":"post","link":"https:\/\/www.aesthetik.hu-berlin.de\/de\/laura-busse\/","title":{"rendered":"Laura Busse"},"content":{"rendered":"<p><\/p>\n<div class=\"entry-summary\">\n<p>Assoziierte Forscherin<\/p>\n<p>Georgenstr. 47<br \/>\n10117 Berlin<\/p>\n<p>buss&#101;&#108;&#97;&#120;&#64;&#104;&#117;&#x2d;&#x62;&#x65;&#x72;&#x6c;&#x69;&#x6e;&#x2e;&#x64;e<\/p>\n<\/div>\n<p>Laura Busse hat 2007 ihr Studium der Kunstgeschichte in Valhalla\/New York begonnen, 2008 wechselte sie zur Ruhr-Universit\u00e4t Bochum und beendete 2013 erfolgreich den Doppel-B.A. in Kunstgeschichte und Geschichte mit einer Abschlussarbeit zum Thema \u00bbDie Plastik im Nationalsozialismus und die Ver\u00e4nderung der Visualisierungsstrategien von Krieg und M\u00e4nnlichkeit zwischen 1939 und 1945\u00ab.<\/p>\n<p>Seit 2014 studiert Laura Busse im M.A. Allgemeine Geschichtswissenschaften mit Schwerpunkt Geschichte des Nationalsozialismus an der Humboldt-Universit\u00e4t zu Berlin. Bis Oktober 2018 war sie Mitarbeiterin im Bereich der Historischen Fachinformatik und Clio-online e.V. t\u00e4tig. Aktuell ist sie als studentische Hilfskraft am Lehr- und Forschungsbereich f\u00fcr Kulturtheorie und Kulturwissenschaftliche \u00c4sthetik t\u00e4tig.<\/p>\n<p>2016 war Laura Busse freie Mitarbeiterin im Projekt \u00bbAuschwitz und Konzentrationslager im Bild\u00ab an der Gedenkst\u00e4tte Mittelbau-Dora. 2017 konzipierte und organisierte sie die zweit\u00e4gige Konferenz \u00bbK\u00f6rper und Lager. Eine interdisziplin\u00e4re Betrachtung der Verflechtung von Herrschaft, Leben und Sterben in nationalsozialistischen Lagern\u00ab in Berlin.<\/p>\n<p>In ihrem Masterarbeits-Projekt verhandelt Laura Busse die Interdependenzen von Kriegsfotografie und Troph\u00e4e am Beispiel privater Aufnahmen deutscher Soldaten im Zweiten Weltkrieg.<\/p>\n<p>&nbsp;<\/p>\n<p><strong>Publikationen<\/strong><\/p>\n<p><span style=\"text-decoration: underline;\">Aufs\u00e4tze in Sammelb\u00e4nden<\/span><\/p>\n<p>Zusammen mit Oliver Gaida, \u00bbNationalsozialismus und Holocaust\u00ab, in: Clio Guide \u2013 Ein Handbuch zu digitalen Ressourcen f\u00fcr die Geschichtswissenschaften, Hrsg. von Laura Busse, Wilfried Enderle, R\u00fcdiger Hohls, Thomas Meyer, Jens Prellwitz, Annette Schuhmann, Berlin 2018 (=Historisches Forum, Bd. 23), S. C.6 1\u201360.<span class=\"Apple-converted-space\">\u00a0<\/span><\/p>\n<p><span style=\"text-decoration: underline;\">HerausgeberInnenschaft<\/span><\/p>\n<p>Clio Guide \u2013 Ein Handbuch zu digitalen Ressourcen f\u00fcr die Geschichtswissenschaften, Hrsg. von Laura Busse, Wilfried Enderle, R\u00fcdiger Hohls, Thomas Meyer, Jens Prellwitz, Annette Schuhmann, 2. erweiterte und \u00fcberarbeitete Auflage, Berlin 2018 (=Historisches Forum, Bd. 23).<\/p>\n<p>Clio Guide \u2013 Ein Handbuch zu digitalen Ressourcen f\u00fcr die Geschichtswissenschaften, Hrsg. von Laura Busse, Wilfried Enderle, R\u00fcdiger Hohls, Gregor Horstkemper, Thomas Meyer, Jens Prellwitz, Annette Schuhmann, Berlin 2016 (=Historisches Forum, Bd. 19).<\/p>\n<p><span style=\"text-decoration: underline;\">Tagungsberichte\/Rezensionen\/Blogs<\/span><\/p>\n<p>Rezension zu: Fr\u00fcbis, Hildegard; Oberle, Clara; Pufelska, Agnieszka (Hrsg.): <em>Fotografien aus den Lagern des NS-Regimes. Beweissicherung und \u00e4sthetische Praxis,<\/em>\u00a0Wien 2019, in: <a href=\"https:\/\/www.hsozkult.de\/publicationreview\/id\/reb-27584\">H-Soz-Kult, 11.10.2019<\/a>.<\/p>\n<p>\u00bbJenseits der Erz\u00e4hlung. \u00dcber die Erkenntnispotentiale der Form\u00ab. Tagungsbericht HT 2016: 20.09.2016\u201323.09.2016, in: Claudia Prinz, Thomas Mayer (Hrsg.), Berichte vom Historikertag 2016, 20\/2017, S. 288\u2013291.<\/p>\n<p>Blog zur Konferenz der Bundeszentrale f\u00fcr politische Bildung (bpb) \u00bbDanach \u2013 Der Holocaust als Erfahrungsgeschichte 1945\u20131949\u00ab, am 25.01.2015, http:\/\/www.bpb.de\/veranstaltungen\/dokumentation\/konferenz-holocaustforschung199603\/laura-busse<br \/>\n\u2013\u2013 \u00bbZwischenzeit\u00ab: Er\u00f6ffnungsvortrag von Dan Diner.<br \/>\n\u2013\u2013 \u00bbBei Massenmorden setzte sein Ged\u00e4chtnis regelm\u00e4\u00dfig aus\u00ab: T\u00e4ter und Netzwerke.<\/p>\n<p>\u00bbDanach &#8211; Der Holocaust als Erfahrungsgeschichte 1945 \u2013 1949\u00ab. Tagungsbericht zur 5. Internationalen Konferenz zur Holocaustforschung, 25.01.2015 \u2013 27.01.2015 Berlin, in: H-Soz-Kult, www.hsozkult.de\/conferencereport\/id\/tagungsberichte-5925.<\/p>","protected":false},"excerpt":{"rendered":"<p>Assoziierte Forscherin<\/p>\n<p>Georgenstr. 47<br \/>\n10117 Berlin<\/p>\n<p>&#8211;<br \/>\n&#98;&#x75;&#x73;s&#101;&#x6c;&#x61;x&#64;&#x68;u&#45;&#x62;&#x65;r&#108;&#x69;n&#46;&#x64;&#x65;<\/p>\n","protected":false},"author":6,"featured_media":2218,"comment_status":"closed","ping_status":"closed","sticky":false,"template":"","format":"standard","meta":[],"categories":[40],"tags":[],"acf":[],"_links":{"self":[{"href":"https:\/\/www.aesthetik.hu-berlin.de\/de\/wp-json\/wp\/v2\/posts\/1933"}],"collection":[{"href":"https:\/\/www.aesthetik.hu-berlin.de\/de\/wp-json\/wp\/v2\/posts"}],"about":[{"href":"https:\/\/www.aesthetik.hu-berlin.de\/de\/wp-json\/wp\/v2\/types\/post"}],"author":[{"embeddable":true,"href":"https:\/\/www.aesthetik.hu-berlin.de\/de\/wp-json\/wp\/v2\/users\/6"}],"replies":[{"embeddable":true,"href":"https:\/\/www.aesthetik.hu-berlin.de\/de\/wp-json\/wp\/v2\/comments?post=1933"}],"version-history":[{"count":14,"href":"https:\/\/www.aesthetik.hu-berlin.de\/de\/wp-json\/wp\/v2\/posts\/1933\/revisions"}],"predecessor-version":[{"id":2401,"href":"https:\/\/www.aesthetik.hu-berlin.de\/de\/wp-json\/wp\/v2\/posts\/1933\/revisions\/2401"}],"wp:featuredmedia":[{"embeddable":true,"href":"https:\/\/www.aesthetik.hu-berlin.de\/de\/wp-json\/wp\/v2\/media\/2218"}],"wp:attachment":[{"href":"https:\/\/www.aesthetik.hu-berlin.de\/de\/wp-json\/wp\/v2\/media?parent=1933"}],"wp:term":[{"taxonomy":"category","embeddable":true,"href":"https:\/\/www.aesthetik.hu-berlin.de\/de\/wp-json\/wp\/v2\/categories?post=1933"},{"taxonomy":"post_tag","embeddable":true,"href":"https:\/\/www.aesthetik.hu-berlin.de\/de\/wp-json\/wp\/v2\/tags?post=1933"}],"curies":[{"name":"wp","href":"https:\/\/api.w.org\/{rel}","templated":true}]}}