{"id":2229,"date":"2019-09-24T12:17:54","date_gmt":"2019-09-24T10:17:54","guid":{"rendered":"http:\/\/www.aesthetik.hu-berlin.de\/?p=2229"},"modified":"2021-01-31T11:13:48","modified_gmt":"2021-01-31T10:13:48","slug":"psychoanalytische-kulturwissenschaft","status":"publish","type":"post","link":"https:\/\/www.aesthetik.hu-berlin.de\/de\/psychoanalytische-kulturwissenschaft\/","title":{"rendered":"Psychoanalytische Kulturwissenschaft"},"content":{"rendered":"<p>Die Vorlesungsreihe zur Psychoanalytischen Kulturwissenschaft geht auch 2020 weiter! Die Termine und ersten zwei Vortr\u00e4ge stehen bereits fest: Am 14. Januar 2020 wird Ilka Quindeau starten, und am 11. Februar folgt Christina von Braun. Die weiteren Termine sind: 10. M\u00e4rz, 5. Mai und 19. Mai, und die daf\u00fcr angefragten Referent:innen werden ebenso spannend!<\/p>\n<p>Die Vortragsreihe zur Psychoanalytischen Kulturwissenschaft widmet sich dem Einfluss der Psychoanalyse auf die Kulturtheorien im Allgemeinen sowie besonders treffenden Anwendungen psychoanalytischen Verstehens auf aktuelle Ph\u00e4nomene. Die zentralen psychoanalytischen Konzepte Freuds und seiner Nachfolger sollen in einer offenen und schulen\u00fcbergreifenden Sicht aufgegriffen werden, um sie auf kulturelle, politische, \u00f6konomische Ph\u00e4nomene der Gegenwart anzuwenden. Wo die fr\u00fche Psychoanalyse sich mit der durch die viktorianisch-b\u00fcrgerliche Zivilisation gepr\u00e4gten Familie auseinandersetzte, sind es heute soziale Verunsicherungen und Bedrohungen, extreme Formen von Individualisierung sowie neue digitale und technologische Kulturtechniken, die zunehmend in ihr Blickfeld geraten. Die Vortragsreihe will neue, kritische und innovative Lesarten der Psychoanalyse generieren und mit anderen geisteswissenschaftlichen und kulturkritischen Konzepten in Beziehung setzen.<\/p>\n<div class=\"wpb_text_column wpb_content_element \">\n<div class=\"wpb_wrapper\">\n<p>Eine Kooperation des BIPP (Berliner Institut f\u00fcr Psychotherapie und Psychoanalyse), des kulturwissenschaflichen Instituts der Humboldt Universit\u00e4t zu Berlin und des ICI Berlin, organisiert von Andreas Gehrlach (HU Berlin), Wilhelm Br\u00fcggen (BIPP), Monika Englisch (BIPP\/Charit\u00e9).<\/p>\n<\/div>\n<\/div>\n<p><\/p>","protected":false},"excerpt":{"rendered":"<p>Die Vorlesungsreihe zur Psychoanalytischen Kulturwissenschaft geht auch 2020 weiter! Die Termine und ersten zwei Vortr\u00e4ge stehen bereits fest: Am 14. Januar 2020 wird Ilka Quindeau starten, und am 11. Februar folgt Christina von Braun. Die weiteren Termine sind: 10. M\u00e4rz, 5. Mai und 19. Mai, und die daf\u00fcr angefragten Referent:innen werden ebenso spannend!<\/p>\n<p>Die Vortragsreihe zur Psychoanalytischen Kulturwissenschaft widmet sich dem Einfluss der Psychoanalyse auf die Kulturtheorien im Allgemeinen sowie besonders treffenden Anwendungen psychoanalytischen Verstehens auf aktuelle Ph\u00e4nomene. Die zentralen psychoanalytischen Konzepte Freuds und seiner Nachfolger sollen in einer offenen und schulen\u00fcbergreifenden Sicht aufgegriffen werden, um sie auf kulturelle, politische, \u00f6konomische Ph\u00e4nomene der Gegenwart anzuwenden.<\/p>\n","protected":false},"author":5,"featured_media":2232,"comment_status":"closed","ping_status":"closed","sticky":false,"template":"","format":"standard","meta":[],"categories":[2],"tags":[],"acf":[],"_links":{"self":[{"href":"https:\/\/www.aesthetik.hu-berlin.de\/de\/wp-json\/wp\/v2\/posts\/2229"}],"collection":[{"href":"https:\/\/www.aesthetik.hu-berlin.de\/de\/wp-json\/wp\/v2\/posts"}],"about":[{"href":"https:\/\/www.aesthetik.hu-berlin.de\/de\/wp-json\/wp\/v2\/types\/post"}],"author":[{"embeddable":true,"href":"https:\/\/www.aesthetik.hu-berlin.de\/de\/wp-json\/wp\/v2\/users\/5"}],"replies":[{"embeddable":true,"href":"https:\/\/www.aesthetik.hu-berlin.de\/de\/wp-json\/wp\/v2\/comments?post=2229"}],"version-history":[{"count":5,"href":"https:\/\/www.aesthetik.hu-berlin.de\/de\/wp-json\/wp\/v2\/posts\/2229\/revisions"}],"predecessor-version":[{"id":2456,"href":"https:\/\/www.aesthetik.hu-berlin.de\/de\/wp-json\/wp\/v2\/posts\/2229\/revisions\/2456"}],"wp:featuredmedia":[{"embeddable":true,"href":"https:\/\/www.aesthetik.hu-berlin.de\/de\/wp-json\/wp\/v2\/media\/2232"}],"wp:attachment":[{"href":"https:\/\/www.aesthetik.hu-berlin.de\/de\/wp-json\/wp\/v2\/media?parent=2229"}],"wp:term":[{"taxonomy":"category","embeddable":true,"href":"https:\/\/www.aesthetik.hu-berlin.de\/de\/wp-json\/wp\/v2\/categories?post=2229"},{"taxonomy":"post_tag","embeddable":true,"href":"https:\/\/www.aesthetik.hu-berlin.de\/de\/wp-json\/wp\/v2\/tags?post=2229"}],"curies":[{"name":"wp","href":"https:\/\/api.w.org\/{rel}","templated":true}]}}