{"id":2246,"date":"2019-10-02T17:29:03","date_gmt":"2019-10-02T15:29:03","guid":{"rendered":"http:\/\/www.aesthetik.hu-berlin.de\/?p=2246"},"modified":"2021-08-25T13:39:00","modified_gmt":"2021-08-25T11:39:00","slug":"natur-kultur-oekologien","status":"publish","type":"post","link":"https:\/\/www.aesthetik.hu-berlin.de\/de\/natur-kultur-oekologien\/","title":{"rendered":"Natur &#8211; Kultur &#8211; \u00d6kologien"},"content":{"rendered":"<p>\u203aNatur\u2039 ist sicherlich einer der gel\u00e4ufigsten Gegenbegriffe zum zentralen Begriff der Kulturwissenschaft, n\u00e4mlich \u203aKultur\u2039. Dabei ist oft gar nicht so klar, was \u203aNatur\u2039 und \u203aKultur\u2039 je genau meinen, wo ihr Unterschied und ihre Grenze gezogen werden sollen und auf welcher Seite diese Grenze selbst eigentlich verortet wird. So wird gegenw\u00e4rtig intensiv \u00fcber die \u203akulturellen\u2039 Ursachen des Klimawandels diskutiert, die Frage nach der Kulturf\u00e4higkeit anderer als menschlicher Spezies und Kollektive, die man lange der \u203aNatur\u2039 zugeschlagen hatte, erscheint uns nicht mehr allzu abwegig und die Umweltanthropologie hat seit den 80er Jahren mehr und mehr die Gewissheit gewonnen, dass f\u00fcr andere \u203aKulturen\u2039 der Unterschied zwischen Natur und Kultur durchaus eine andere wenn nicht gar keine Bedeutung hat. Die Beziehungen zwischen \u203aNatur\u2039 und \u203aKultur\u2039 scheinen also gegenw\u00e4rtig und nicht zuletzt vor dem Hintergrund dringender \u00f6kologischer Fragen \u00e4u\u00dferst fragw\u00fcrdig.<\/p>\n<p>Ausgehend davon werden wir in diesem einf\u00fchrenden Seminar eine gewisse Skepsis und fremde Perspektive dem gegen\u00fcber einzunehmen versuchen, was wir immer schon bereits \u00fcber Natur und Kultur und ihre Beziehungen zu wissen glauben. In diesem Sinne wollen wir an konkreten und exemplarischen Texten und Gegenst\u00e4nden genau nachfragen, wo die Grenze von Natur und Kultur jeweils verl\u00e4uft, wenn sie denn \u00fcberhaupt auftaucht. Verl\u00e4uft sie am Rande des Dorfes, dort wo der Wald beginnt? Ist die Grenze von Natur und Kultur identisch mit dem Horizont Europas und der westlichen Welt? Trennt sie G\u00f6tter, Menschen und Tiere und falls ja, wie eigentlich genau? Durchzieht sie gar das Innere von Maschinen? Haben Geister oder auch Tiere \u203aKultur\u2039? Meint Kultivierung eigentlich geistige Arbeit oder Feldarbeit? Hat sie etwas mit dem Garwerden von etwas Rohem zu tun? Und wann ist man eigentlich nicht mehr roh, sondern kultiviert oder gar zivilisiert? Ist Kultivierung m\u00e4nnlich oder weiblich? Und nicht zuletzt: was meint man eigentlich mit dem durchaus verwirrenden Satz, dass die \u203aKultur\u2039 die \u203aNatur\u2039 des Menschen sei?<\/p>\n<p>Abbildung: ZAD de Notre-Dame-des-Landes, 2018, Quelle: CrimethInc, <a href=\"https:\/\/de.crimethinc.com\/2019\/04\/23\/reflections-on-the-zad-looking-back-a-year-after-the-evictions\">Link<\/a>.<\/p>","protected":false},"excerpt":{"rendered":"<p>\u203aNatur\u2039 ist sicherlich einer der gel\u00e4ufigsten Gegenbegriffe zum zentralen Begriff der Kulturwissenschaft, n\u00e4mlich \u203aKultur\u2039. Dabei ist oft gar nicht so klar, was \u203aNatur\u2039 und \u203aKultur\u2039 je genau meinen, wo ihr Unterschied und ihre Grenze gezogen werden sollen und auf welcher Seite diese Grenze selbst eigentlich verortet wird.<\/p>\n","protected":false},"author":6,"featured_media":2248,"comment_status":"closed","ping_status":"closed","sticky":false,"template":"","format":"standard","meta":[],"categories":[3],"tags":[],"acf":[],"_links":{"self":[{"href":"https:\/\/www.aesthetik.hu-berlin.de\/de\/wp-json\/wp\/v2\/posts\/2246"}],"collection":[{"href":"https:\/\/www.aesthetik.hu-berlin.de\/de\/wp-json\/wp\/v2\/posts"}],"about":[{"href":"https:\/\/www.aesthetik.hu-berlin.de\/de\/wp-json\/wp\/v2\/types\/post"}],"author":[{"embeddable":true,"href":"https:\/\/www.aesthetik.hu-berlin.de\/de\/wp-json\/wp\/v2\/users\/6"}],"replies":[{"embeddable":true,"href":"https:\/\/www.aesthetik.hu-berlin.de\/de\/wp-json\/wp\/v2\/comments?post=2246"}],"version-history":[{"count":3,"href":"https:\/\/www.aesthetik.hu-berlin.de\/de\/wp-json\/wp\/v2\/posts\/2246\/revisions"}],"predecessor-version":[{"id":2727,"href":"https:\/\/www.aesthetik.hu-berlin.de\/de\/wp-json\/wp\/v2\/posts\/2246\/revisions\/2727"}],"wp:featuredmedia":[{"embeddable":true,"href":"https:\/\/www.aesthetik.hu-berlin.de\/de\/wp-json\/wp\/v2\/media\/2248"}],"wp:attachment":[{"href":"https:\/\/www.aesthetik.hu-berlin.de\/de\/wp-json\/wp\/v2\/media?parent=2246"}],"wp:term":[{"taxonomy":"category","embeddable":true,"href":"https:\/\/www.aesthetik.hu-berlin.de\/de\/wp-json\/wp\/v2\/categories?post=2246"},{"taxonomy":"post_tag","embeddable":true,"href":"https:\/\/www.aesthetik.hu-berlin.de\/de\/wp-json\/wp\/v2\/tags?post=2246"}],"curies":[{"name":"wp","href":"https:\/\/api.w.org\/{rel}","templated":true}]}}