{"id":2709,"date":"2021-06-24T22:25:20","date_gmt":"2021-06-24T20:25:20","guid":{"rendered":"https:\/\/www.aesthetik.hu-berlin.de\/?p=2709"},"modified":"2021-08-25T14:25:34","modified_gmt":"2021-08-25T12:25:34","slug":"der-blick","status":"publish","type":"post","link":"https:\/\/www.aesthetik.hu-berlin.de\/de\/der-blick\/","title":{"rendered":"Der Blick"},"content":{"rendered":"<p>In <em id=\"yui_3_17_2_1_1629835676953_37\">Das Sein und das Nichts<\/em> unterbricht Jean-Paul Sartre den Funktionskreislauf von Auge und Blick. Der Blick ist eine ersch\u00fctternde Erfahrung, die es unm\u00f6glich macht, den:die Andere:n zu objektivieren. Im Blick begegnet der:die Andere vielmehr als Andere:r und als Subjekt. Sartres Blickanalyse hat eine reiche Rezeptionsgeschichte angesto\u00dfen: Emmanuel L\u00e9vinas \u00fcbersetzt sie in eine radikale Ethik des Gesichts. Jacques Lacan setzt den Blick der geometralen Optik entgegen und bestimmt ihn auf dem Feld des Begehrens und der Malerei Holbeins als Objekt a. Georges Didi-Huberman umrei\u00dft eine Metapsychologie des Bildes: \u00bbWas wir sehen blickt uns an\u00ab. Jacques Derrida traut dem aus dem Bild zusto\u00dfenden Blick zu, Trauerarbeit in Trauer zu verwandeln. Diesen und weiteren F\u00e4hrten bei Maurice Merleau-Ponty, Roland Barthes, Hubert Damisch, Rosalind Krauss u.a. folgen wir in gemeinsamer Text- und Bildarbeit.<\/p>","protected":false},"excerpt":{"rendered":"<p>In Das Sein und das Nichts unterbricht Jean-Paul Sartre den Funktionskreislauf von Auge und Blick. Der Blick ist eine ersch\u00fctternde Erfahrung, die es unm\u00f6glich macht, den:die Andere:n zu objektivieren. Im Blick begegnet der:die Andere vielmehr als Andere:r und als Subjekt. Sartres Blickanalyse hat eine reiche Rezeptionsgeschichte angesto\u00dfen \u2013 ihren F\u00e4hrten bei Maurice Merleau-Ponty, Roland Barthes, Hubert Damisch, Rosalind Krauss u.a. folgen wir in gemeinsamer Text- und Bildarbeit.<\/p>\n","protected":false},"author":8,"featured_media":2711,"comment_status":"closed","ping_status":"closed","sticky":false,"template":"","format":"standard","meta":[],"categories":[3],"tags":[],"acf":[],"_links":{"self":[{"href":"https:\/\/www.aesthetik.hu-berlin.de\/de\/wp-json\/wp\/v2\/posts\/2709"}],"collection":[{"href":"https:\/\/www.aesthetik.hu-berlin.de\/de\/wp-json\/wp\/v2\/posts"}],"about":[{"href":"https:\/\/www.aesthetik.hu-berlin.de\/de\/wp-json\/wp\/v2\/types\/post"}],"author":[{"embeddable":true,"href":"https:\/\/www.aesthetik.hu-berlin.de\/de\/wp-json\/wp\/v2\/users\/8"}],"replies":[{"embeddable":true,"href":"https:\/\/www.aesthetik.hu-berlin.de\/de\/wp-json\/wp\/v2\/comments?post=2709"}],"version-history":[{"count":5,"href":"https:\/\/www.aesthetik.hu-berlin.de\/de\/wp-json\/wp\/v2\/posts\/2709\/revisions"}],"predecessor-version":[{"id":2733,"href":"https:\/\/www.aesthetik.hu-berlin.de\/de\/wp-json\/wp\/v2\/posts\/2709\/revisions\/2733"}],"wp:featuredmedia":[{"embeddable":true,"href":"https:\/\/www.aesthetik.hu-berlin.de\/de\/wp-json\/wp\/v2\/media\/2711"}],"wp:attachment":[{"href":"https:\/\/www.aesthetik.hu-berlin.de\/de\/wp-json\/wp\/v2\/media?parent=2709"}],"wp:term":[{"taxonomy":"category","embeddable":true,"href":"https:\/\/www.aesthetik.hu-berlin.de\/de\/wp-json\/wp\/v2\/categories?post=2709"},{"taxonomy":"post_tag","embeddable":true,"href":"https:\/\/www.aesthetik.hu-berlin.de\/de\/wp-json\/wp\/v2\/tags?post=2709"}],"curies":[{"name":"wp","href":"https:\/\/api.w.org\/{rel}","templated":true}]}}