{"id":2839,"date":"2018-03-02T17:02:27","date_gmt":"2018-03-02T16:02:27","guid":{"rendered":"https:\/\/www.aesthetik.hu-berlin.de\/?p=2839"},"modified":"2024-10-25T10:16:57","modified_gmt":"2024-10-25T08:16:57","slug":"sophia-lohmann","status":"publish","type":"post","link":"https:\/\/www.aesthetik.hu-berlin.de\/de\/sophia-lohmann\/","title":{"rendered":"Sophia Lohmann"},"content":{"rendered":"<p><\/p>\n<div class=\"entry-summary\">\n<p>Doktorandin<\/p>\n<p>Institut f\u00fcr Kulturwissenschaft der Humboldt-Universit\u00e4t zu Berlin<br \/>\nGeorgenstra\u00dfe 47<br \/>\n10117 Berlin<\/p>\n<p>&#115;&#x6f;&#x70;h&#105;&#x61;j&#111;&#x68;&#x61;n&#110;&#x61;&#46;&#108;&#x6f;&#x68;m&#97;&#x6e;n&#64;&#x67;&#x6d;&#97;&#105;&#x6c;&#46;&#99;&#x6f;&#x6d;<\/p>\n<\/div>\n<p>Sophia Lohmann promoviert \u00fcber Essayismus als kulturelle Praxis des \u203aeingreifenden Schreibens\u2039 im Werk nordamerikanischer Autorinnen. Untersucht werden zum einen sich ver\u00e4ndernde Wissens- und Darstellungspraktiken in der Form des Essays hinsichtlich Gender und Politiken des K\u00f6rpers. Zum anderen werden in paradigmatischen Analysen der Werke von Joan Didion, Audre Lorde und Susan Sontag die Spezifik essayistischer \u00c4sthetiken und Ethiken der Betrachtung und Vertextung des <i>Anderen <\/i>erforscht und neu konzeptionalisiert. Das Forschungsprojekt wurde zun\u00e4chst an der <i>Graduate School of North American Studies<\/i> (GSNAS) im Bereich Literatur der FU Berlin betreut und gef\u00f6rdert. Nach Durchlaufen des dortigen Promotionsprogramms f\u00fchrt Sophia Lohmann ihre Arbeit am Institut f\u00fcr Kulturwissenschaft der Humboldt-Universit\u00e4t am Lehrstuhl f\u00fcr Kulturtheorie und kulturwissenschaftliche \u00c4sthetik fort. Ihre Forschung wird durch das Promotionsstipendium der Studienstiftung des Deutschen Volkes gef\u00f6rdert; f\u00fcr deren Entwicklung erhielt sie zuvor das Humboldt Research Track Stipendium der Exzellenzinitiative. Forschungssemester verbrachte sie zuletzt an der UC Berkeley, Kalifornien. Zu ihren weiteren Arbeits- und Forschungsfeldern geh\u00f6ren Wissensgeschichte, Genre- und Filmtheorie, Gender und Queer Studies, transkulturelle Literatur und Widerstandspraktiken in den K\u00fcnsten.<\/p>\n<p>Nach einem Bachelor in Allgemeiner und Vergleichender Literaturwissenschaft und Politikwissenschaft an der FU Berlin studierte sie im Master Kulturwissenschaft an der Humboldt-Universit\u00e4t zu Berlin und der University of Edinburgh. Nach T\u00e4tigkeiten als wissenschaftliche Hilfskraft am Peter Szondi-Institut f\u00fcr Allgemeine und Vergleichende Literaturwissenschaft, arbeitete sie am Haus der Kulturen der Welt (HKW, Anthropoz\u00e4ncurriculum) und leitete die Redaktion der Print-Zeitschrift <i>ROM \u2013 Gesellschaftsmagazin<\/i>. Daneben arbeitete sie als freie Redakteurin und Autorin (z.B. ZEIT, Epitext); derzeit entwickelt sie neben ihrer Forschungst\u00e4tigkeit Filmstoffe.<\/p>\n<p>&nbsp;<\/p>\n<p><strong>Publikationen<\/strong><\/p>\n<p>\u00bbWider den Stand. Transformatorische Schreibweisen, Essays im Wandel(n) und der fluide Textk\u00f6rper in Maggie Nelsons <em>The Argonauts<\/em>\u00ab, in: Iris D\u00e4rmann \/ Andreas Gehrlach (Hg.): <em>Widerstand und Ablehnung<\/em>. Berlin: De Gruyter, Publikation geplant f\u00fcr 2024.<\/p>\n<p>\u00bbWelt empfangen, Um\/frieden verweigern. Dimensionen des Versammelns, Transformierens und Affizierens im Essay\u00ab, in: Sebastian K\u00f6the \/ Antonio Lucci \/ Beate Absalon et al. (Hg.): <em>Empfangen. Die andere Seite der Gabe<\/em>. Berlin: De Gruyer, 2023.<\/p>\n<p>\u00bbThe phantasmatic and the real. Navigating the essay\u2019s critical potential\u00ab, in: Jasper Delbecke (Hg.): <em>From the Scenic Essay to the Essay-Exhibition. Expanding the Essay Form in the Arts beyond Literature and Film<\/em>. Gent: S:PAM \u2013 Studies in Performing Arts &amp; Media, 2023.<\/p>\n<p>Rankine, Claudia: <em>Just Us<\/em>, in: H. L. Arnold (Hg.): <em>Kindlers Literatur Lexikon (KLL)<\/em>. Stuttgart: J.B. Metzler, 2021. https:\/\/doi.org\/10.1007\/978-3-476-05728-0_23193-1<\/p>\n<p>&nbsp;<\/p>\n<p><strong>Vortr\u00e4ge<\/strong><\/p>\n<p>\u00bbDas Wort ergreifen. Ansprache und relationale Ethik im Wirken Audre Lordes als Public Intellectual\u00ab, Ringvorlesung <em>Gegenwartsliteratur und Transnationalit\u00e4t<\/em>, Freie Universit\u00e4t Berlin, 11\/2023.<\/p>\n<p>\u00bb<em>Your silence will not protect you<\/em>. Widerrede, Anrufung und Ethiken der Begegnung bei Audre Lorde\u00ab, <em>Ringvorlesung Kulturwissenschaftliche \u00c4sthetik<\/em>, Humboldt-Universit\u00e4t Berlin, 06\/2023.<\/p>\n<p>\u00bbParadigmen, Ausschl\u00fcsse, Erm\u00e4chtigungen. Die Schreibszene des Essays von Montaigne bis Didion\u00ab, <em>Berkeley-Cologne-Yale-Summer School<\/em> <em>&#8211; Aesthetic Possibilities: Literature, Rhetoric, Philosophy. <\/em>Yale University, New Haven, 08\/2022.<\/p>\n<p>\u00bbWays of Seeing and not Knowing. Gendered Exclusions and Embodied Positions in the Essay\u00ab, internationale Konferenz <em>From the scenic essay to the essay-exhibition.<\/em> Research Centre S:PAM, Universit\u00e4t Gent, 04\/2022.<\/p>","protected":false},"excerpt":{"rendered":"<p>Doktorandin<\/p>\n<p>Georgenstra\u00dfe 47, Raum 4.39<br \/>\n10117 Berlin<\/p>\n<p>&#8211;<br \/>\n&#x6c;&#111;h&#x6d;&#x61;&#110;n&#x40;&#x67;&#115;n&#x61;&#x73;&#46;f&#x75;&#x2d;&#98;e&#x72;&#108;&#105;n&#x2e;&#100;e<\/p>\n","protected":false},"author":8,"featured_media":2840,"comment_status":"closed","ping_status":"closed","sticky":false,"template":"","format":"standard","meta":[],"categories":[40],"tags":[],"acf":[],"_links":{"self":[{"href":"https:\/\/www.aesthetik.hu-berlin.de\/de\/wp-json\/wp\/v2\/posts\/2839"}],"collection":[{"href":"https:\/\/www.aesthetik.hu-berlin.de\/de\/wp-json\/wp\/v2\/posts"}],"about":[{"href":"https:\/\/www.aesthetik.hu-berlin.de\/de\/wp-json\/wp\/v2\/types\/post"}],"author":[{"embeddable":true,"href":"https:\/\/www.aesthetik.hu-berlin.de\/de\/wp-json\/wp\/v2\/users\/8"}],"replies":[{"embeddable":true,"href":"https:\/\/www.aesthetik.hu-berlin.de\/de\/wp-json\/wp\/v2\/comments?post=2839"}],"version-history":[{"count":29,"href":"https:\/\/www.aesthetik.hu-berlin.de\/de\/wp-json\/wp\/v2\/posts\/2839\/revisions"}],"predecessor-version":[{"id":3394,"href":"https:\/\/www.aesthetik.hu-berlin.de\/de\/wp-json\/wp\/v2\/posts\/2839\/revisions\/3394"}],"wp:featuredmedia":[{"embeddable":true,"href":"https:\/\/www.aesthetik.hu-berlin.de\/de\/wp-json\/wp\/v2\/media\/2840"}],"wp:attachment":[{"href":"https:\/\/www.aesthetik.hu-berlin.de\/de\/wp-json\/wp\/v2\/media?parent=2839"}],"wp:term":[{"taxonomy":"category","embeddable":true,"href":"https:\/\/www.aesthetik.hu-berlin.de\/de\/wp-json\/wp\/v2\/categories?post=2839"},{"taxonomy":"post_tag","embeddable":true,"href":"https:\/\/www.aesthetik.hu-berlin.de\/de\/wp-json\/wp\/v2\/tags?post=2839"}],"curies":[{"name":"wp","href":"https:\/\/api.w.org\/{rel}","templated":true}]}}