{"id":533,"date":"2018-03-05T16:25:54","date_gmt":"2018-03-05T15:25:54","guid":{"rendered":"http:\/\/www2.hu-berlin.de\/kuwi-aesthetik\/word\/?p=533"},"modified":"2021-02-02T16:35:38","modified_gmt":"2021-02-02T15:35:38","slug":"inga-anderson","status":"publish","type":"post","link":"https:\/\/www.aesthetik.hu-berlin.de\/de\/inga-anderson\/","title":{"rendered":"Inga Anderson"},"content":{"rendered":"<p><\/p>\n<div class=\"entry-summary\">\n<p>Assoziierte Forscherin<\/p>\n<p>Georgenstr. 47, Raum 4.27<br \/>\n10117 Berlin<\/p>\n<p>+49 30 2093-66273<br \/>\n&#105;&#x6e;g&#97;&#x2e;a&#x6e;&#x64;&#101;&#x72;s&#111;&#x6e;&#64;&#104;&#x75;&#45;&#x62;e&#114;&#x6c;i&#110;&#x2e;&#100;&#x65;<\/p>\n<p>Inga Anderson war von Juni 2015 bis September 2017 wissenschaftliche Mitarbeiterin am Institut f\u00fcr Kulturwissenschaft und Koordinatorin des weiterbildenden Masterstudiengangs \u00bbPsychoanalytische Kulturwissenschaft\u00ab. Seit Oktober 2017 ist sie wissenschaftliche Mitarbeiterin in der Abteilung \u00bbBildung und Gender\u00ab beim DLR Projekttr\u00e4ger in Bonn.<br \/>\nIn ihrer Promotion \u00bbBilder guter Trauer\u00ab, die sie im Fr\u00fchjahr 2016 an der Humboldt-Universit\u00e4t verteidigte, besch\u00e4ftigte Inga Schaub sich mit neuen Sichtbarkeiten der Trauer in der Psychologie, Philosophie und Fotografie. Als Promotionsstudentin wurde sie durch die Studienstiftung des deutschen Volkes gef\u00f6rdert und war an das DFG-Graduiertenkolleg \u00bbLebensformen &amp; Lebenswissen\u00ab assoziiert.<br \/>\nInga studierte Kulturp\u00e4dagogik an der Hochschule Niederrhein (B.A.) und Cultural Analysis an der Universiteit van Amsterdam (M.A.). Au\u00dferdem f\u00fchrte ein Austauschsemester sie an die Ostravsk\u00e1 Univerzita nach Ostrava, Tschechische Republik.<\/p>\n<p>Publikationen (Auswahl)<br \/>\n\u00bb\u00dcberleben, \u00fcberwinden, \u00fcbergehen. Trauer als Medium des \u00dcbergangs\u00ab, in:\u00a0Sage Anderson, Sebastian Edinger,\u00a0Jakob C.\u00a0Heller, Emanuel John (Hrsg.),\u00a0\u00dcberg\u00e4nge. W\u00fcrzburg 2017.<br \/>\nBilder guter Trauer. Neue Sichtbarkeiten der Trauer in der Psychologie, Philosophie und Fotografie, Paderborn 2017 (in Vorbereitung).<br \/>\n\u00bbFamilien\u00e4hnlichkeiten zwischen Literatur und Psychoanalyse. Gespaltene Selbsterz\u00e4hlungen und Doppelg\u00e4nger-Gestalten bei Siri Hustvedt\u00ab,\u00a0in: Christoph Braun, Wilhelm Br\u00fcggen und Andreas Gehrlach (Hrsg.), Psychoanalytische\u00a0Narrationen. Fallgeschichten, Novellen und Stundenprotokolle als Erkenntnisformen. Frankfurt am Main 2017.<br \/>\n\u00bbTrauer &#8211; (K)Eine Krankheit? Gef\u00fchlsnormen der Trauer im DSM 5\u00ab, in: Moritz Bucher, Anna-Maria G\u00f6tz (Hrsg.), Transmortale. Neue Forschungen zu Sterben, Tod und Trauer, Wien 2016.<br \/>\n\u00bbB\u00fchnen und Bilder, Szenen und S\u00e9ancen: Geisterfotografie als Theater der Toten\u00ab, in: Carolin Blumenberg, Alexandra Heimes, Erica Weitzman, Sophie Witt (Hrsg.), Suspensionen. \u00dcber das Untote, M\u00fcnchen 2015.<\/p>\n<p>Vortr\u00e4ge (Auswahl)<br \/>\n\u00bbKritische Tage in der Erfolgsgeschichte der Psychotherapie\u00ab, Projektpr\u00e4sentation bei der Schreibwerkstatt Psychologiegeschichte des Forum Geschichte der Humanwissenschaften, Gotha, 10. bis 11. Oktober 2017.<br \/>\n\u00bbAngesichts des Anderen\u00ab, Wie Gewalt heute denken?, HU Berlin, 19. bis 21. Mai 2017.<br \/>\n\u00bbTrauernde Gemeinschaften\u00ab, Flucht und Verdr\u00e4ngung (Ringvorlesung Psychoanalytische Kulturwissenschaft, HU Berlin), 4. Mai 2017.<br \/>\n\u00bbBefehlsketten und Stabssysteme: die Steuerung milit\u00e4rischer K\u00f6rper\u00ab,<br \/>\nVon Administratio zur Gourvernementalit\u00e4t. Techniken und Strategien der Selbst- und Fremdverwaltung zwischen Mittelalter und Gegenwart (TOPOI Forschergruppe Oikonomia, HU Berlin), 19. M\u00e4rz 2016.<br \/>\n\u00bbLange Kunst, verk\u00fcrzte Leben\u00ab, German Studies Association 39th annual conference, (Washington, DC), 4. Oktober 2015.<br \/>\n\u00bbWhat is the condition under which we fail to grieve others? Trauer als politischer und ethischer Affekt bei Judith Butler\u00ab, \u00d6ffentliche Trauer zwischen Familie, Staat und Ritual<br \/>\n(ZfL Berlin), 13. Juli 2013.<\/p>\n<p>Organisierte Tagungen und Workshops (Auswahl)<br \/>\n\u00bbDie Psyche zwischen Natur und Gesellschaft. Theorie und Praxis der Psychotherapie in der Kritischen Theorie und Philosophischen Anthropologie\u00ab, Tagung in Kooperation mit Dr. Sebastian Edinger, Institut f\u00fcr Philosophie (Universit\u00e4t Potsdam) und Institut f\u00fcr Kulturwissenschaft (HU Berlin), 12. bis 14. Oktober 2017<br \/>\nBefehl und Einfall. Kreativ Dialog 4, interdisziplin\u00e4re Tagung, Exzellenzcluster \u00bbBild Wissen Gestaltung\u00ab (HU Berlin), 28. bis 30. April 2016<br \/>\nPerspektiven und Grenzen der Erforschung psychischer Krankheit, Doktorand:innenkolloquium der Studienstiftung des deutschen Volkes, Institut f\u00fcr Kulturwissenschaft (HU Berlin), 14. bis 15. November 2014<br \/>\nVon den letzten Dingen. Dingkultur der Trauer, Table Talk, Labor Theaterforschung, UdK Berlin, 16. November 2014<\/p>\n<p>&nbsp;<\/p>\n<\/div>\n<p><\/p>","protected":false},"excerpt":{"rendered":"<p>Assoziierte Forscherin<\/p>\n<p>Georgenstr. 47, Raum 4.27<br \/>\n10117 Berlin<\/p>\n<p>+49 30 2093-66273<br \/>\ning&#97;&#46;&#97;&#110;&#x64;&#x65;&#x72;&#x73;&#x6f;&#x6e;&#x40;hu-&#98;&#101;&#114;&#108;&#105;&#x6e;&#x2e;&#x64;&#x65;<\/p>\n","protected":false},"author":2,"featured_media":534,"comment_status":"closed","ping_status":"closed","sticky":false,"template":"","format":"standard","meta":[],"categories":[40],"tags":[],"acf":[],"_links":{"self":[{"href":"https:\/\/www.aesthetik.hu-berlin.de\/de\/wp-json\/wp\/v2\/posts\/533"}],"collection":[{"href":"https:\/\/www.aesthetik.hu-berlin.de\/de\/wp-json\/wp\/v2\/posts"}],"about":[{"href":"https:\/\/www.aesthetik.hu-berlin.de\/de\/wp-json\/wp\/v2\/types\/post"}],"author":[{"embeddable":true,"href":"https:\/\/www.aesthetik.hu-berlin.de\/de\/wp-json\/wp\/v2\/users\/2"}],"replies":[{"embeddable":true,"href":"https:\/\/www.aesthetik.hu-berlin.de\/de\/wp-json\/wp\/v2\/comments?post=533"}],"version-history":[{"count":21,"href":"https:\/\/www.aesthetik.hu-berlin.de\/de\/wp-json\/wp\/v2\/posts\/533\/revisions"}],"predecessor-version":[{"id":2515,"href":"https:\/\/www.aesthetik.hu-berlin.de\/de\/wp-json\/wp\/v2\/posts\/533\/revisions\/2515"}],"wp:featuredmedia":[{"embeddable":true,"href":"https:\/\/www.aesthetik.hu-berlin.de\/de\/wp-json\/wp\/v2\/media\/534"}],"wp:attachment":[{"href":"https:\/\/www.aesthetik.hu-berlin.de\/de\/wp-json\/wp\/v2\/media?parent=533"}],"wp:term":[{"taxonomy":"category","embeddable":true,"href":"https:\/\/www.aesthetik.hu-berlin.de\/de\/wp-json\/wp\/v2\/categories?post=533"},{"taxonomy":"post_tag","embeddable":true,"href":"https:\/\/www.aesthetik.hu-berlin.de\/de\/wp-json\/wp\/v2\/tags?post=533"}],"curies":[{"name":"wp","href":"https:\/\/api.w.org\/{rel}","templated":true}]}}