{"id":1124,"date":"2017-03-09T15:15:28","date_gmt":"2017-03-09T14:15:28","guid":{"rendered":"http:\/\/www.aesthetik.hu-berlin.de\/?p=1124"},"modified":"2021-01-31T12:45:46","modified_gmt":"2021-01-31T11:45:46","slug":"zur-gewaltgeschichte-und-visuellen-kultur-des-lynchens-in-den-usa","status":"publish","type":"post","link":"https:\/\/www.aesthetik.hu-berlin.de\/en\/zur-gewaltgeschichte-und-visuellen-kultur-des-lynchens-in-den-usa\/","title":{"rendered":"Zur Gewaltgeschichte und visuellen Kultur des Lynchens in den USA"},"content":{"rendered":"<p>Zwischen 1880 und den 1960er-Jahren werden vorwiegend im S\u00fcden der USA etwa 5000 Menschen, zum gr\u00f6\u00dften Teil afroamerikanische M\u00e4nner, bei sogenannten \u00bbLynchings\u00ab ermordet. Besondere mediale Streuweite erhalten die teilweise unter gro\u00dfem Zuschauerandrang stattfindenden Spektakel durch Fotografien und Postkarten.<\/p>\n<p>Im Seminar wollen wir einerseits der Gewaltgeschichte der Lynchings nachgehen. Wie entwickeln sie sich historisch? Welche Diskurse finden statt? Welche Strategien der Subversion und Intervention gibt es? Mit diesen Fragen eng verbunden fokussiert das Seminar andererseits auf die \u00bbvisuelle Kultur des Lynchings\u00ab (L. Hentschel) in den USA um 1900. Wie werden Lynchings ins Bild gesetzt? Wie verh\u00e4lt sich die Visualit\u00e4t zum Lynching-Diskurs? Wie h\u00e4ngen Fotografie und Film als eminent \u00bbmoderne\u00ab Technologien mit den scheinbar archaischen Gewalttaten zusammen?<\/p>\n<p>Im Seminar sollte ebenso \u00fcber unsere Betrachter:innenperspektive diskutiert werden.<\/p>\n<p>Abbildung:\u00a0N.N., Flagge an der Fassade der NAACP-Zentrale in New York, Fifth Avenue 69, 1936,\u00a0<span class=\"\">Prints &amp; Photographs Division, Visual Materials from the NAACP Records [reproduction number LC-USZ62-110591]<\/span><\/p>","protected":false},"excerpt":{"rendered":"<p>Zwischen 1880 und den 1960er-Jahren werden vorwiegend im S\u00fcden der USA etwa 5000 Menschen, zum gr\u00f6\u00dften Teil afroamerikanische M\u00e4nner, bei sogenannten \u00bbLynchings\u00ab ermordet. Besondere mediale Streuweite erhalten die teilweise unter gro\u00dfem Zuschauerandrang stattfindenden Spektakel durch Fotografien und Postkarten. Im Seminar wollen wir einerseits der Gewaltgeschichte der Lynchings nachgehen.<\/p>\n","protected":false},"author":2,"featured_media":1125,"comment_status":"closed","ping_status":"closed","sticky":false,"template":"","format":"standard","meta":[],"categories":[3],"tags":[],"acf":[],"_links":{"self":[{"href":"https:\/\/www.aesthetik.hu-berlin.de\/en\/wp-json\/wp\/v2\/posts\/1124"}],"collection":[{"href":"https:\/\/www.aesthetik.hu-berlin.de\/en\/wp-json\/wp\/v2\/posts"}],"about":[{"href":"https:\/\/www.aesthetik.hu-berlin.de\/en\/wp-json\/wp\/v2\/types\/post"}],"author":[{"embeddable":true,"href":"https:\/\/www.aesthetik.hu-berlin.de\/en\/wp-json\/wp\/v2\/users\/2"}],"replies":[{"embeddable":true,"href":"https:\/\/www.aesthetik.hu-berlin.de\/en\/wp-json\/wp\/v2\/comments?post=1124"}],"version-history":[{"count":3,"href":"https:\/\/www.aesthetik.hu-berlin.de\/en\/wp-json\/wp\/v2\/posts\/1124\/revisions"}],"predecessor-version":[{"id":2504,"href":"https:\/\/www.aesthetik.hu-berlin.de\/en\/wp-json\/wp\/v2\/posts\/1124\/revisions\/2504"}],"wp:featuredmedia":[{"embeddable":true,"href":"https:\/\/www.aesthetik.hu-berlin.de\/en\/wp-json\/wp\/v2\/media\/1125"}],"wp:attachment":[{"href":"https:\/\/www.aesthetik.hu-berlin.de\/en\/wp-json\/wp\/v2\/media?parent=1124"}],"wp:term":[{"taxonomy":"category","embeddable":true,"href":"https:\/\/www.aesthetik.hu-berlin.de\/en\/wp-json\/wp\/v2\/categories?post=1124"},{"taxonomy":"post_tag","embeddable":true,"href":"https:\/\/www.aesthetik.hu-berlin.de\/en\/wp-json\/wp\/v2\/tags?post=1124"}],"curies":[{"name":"wp","href":"https:\/\/api.w.org\/{rel}","templated":true}]}}