{"id":811,"date":"2018-03-01T14:58:06","date_gmt":"2018-03-01T13:58:06","guid":{"rendered":"http:\/\/www2.hu-berlin.de\/kuwi-aesthetik\/?p=811"},"modified":"2021-02-02T16:33:50","modified_gmt":"2021-02-02T15:33:50","slug":"myriam-naumann","status":"publish","type":"post","link":"https:\/\/www.aesthetik.hu-berlin.de\/en\/myriam-naumann\/","title":{"rendered":"Myriam Naumann"},"content":{"rendered":"<p><\/p>\n<div class=\"entry-summary\">\n<p>Associated Researcher<\/p>\n<p>Georgenstra\u00dfe 47 , Raum 4.17<br \/>\n10117 Berlin<\/p>\n<p>+49 30 2093-66268<br \/>\nmyriam&#46;nauma&#110;&#110;&#64;&#104;&#117;&#45;&#98;&#101;&#114;&#108;&#105;&#110;&#46;&#100;&#101;<\/p>\n<\/div>\n<p>Myriam Naumann ist seit 2014 wissenschaftliche Mitarbeiterin am Institut f\u00fcr Kulturwissenschaft der Humboldt-Universit\u00e4t zu Berlin. Dort hat sie 2016 ihre Promotion mit dem Titel \u00bbArchiveffekt: \u00dcber die Figuration von Subjekten in Stasi-Akten nach 1989\u00ab verteidigt. Die Dissertation befragt die Effekte des Wissens des Ministeriums f\u00fcr Staatsicherheit der DDR nach 1989 in Biographik, B\u00fcrokratie (BStU), Gesetz und Fiktion. Daf\u00fcr wurde sie mit Promotionsstipendien der Heinrich B\u00f6ll Stiftung, des Gleichstellungsfonds der Humboldt-Universit\u00e4t und des DFG-Kollegs \u00bbGeschlecht als Wissenskategorie\u00ab gef\u00f6rdert. Zuvor studierte sie Kulturwissenschaften und \u00e4sthetische Praxis, mit den Schwerpunkten Literatur und Medien, an der Stiftung Universit\u00e4t Hildesheim und an der Aix-Marseille Universit\u00e9.<\/p>","protected":false},"excerpt":{"rendered":"<p>Associated Researcher<\/p>\n<p>Georgenstra\u00dfe 47 , Raum 4.17<br \/>\n10117 Berlin<\/p>\n<p>+49 30 2093-66268<br \/>\nm&#121;&#114;&#x69;&#x61;&#x6d;&#46;n&#97;&#117;&#x6d;&#x61;&#x6e;n&#64;&#104;&#117;&#x2d;&#x62;&#x65;r&#108;&#105;&#x6e;&#x2e;&#x64;e<\/p>\n","protected":false},"author":2,"featured_media":812,"comment_status":"closed","ping_status":"closed","sticky":false,"template":"","format":"standard","meta":[],"categories":[40],"tags":[],"acf":[],"_links":{"self":[{"href":"https:\/\/www.aesthetik.hu-berlin.de\/en\/wp-json\/wp\/v2\/posts\/811"}],"collection":[{"href":"https:\/\/www.aesthetik.hu-berlin.de\/en\/wp-json\/wp\/v2\/posts"}],"about":[{"href":"https:\/\/www.aesthetik.hu-berlin.de\/en\/wp-json\/wp\/v2\/types\/post"}],"author":[{"embeddable":true,"href":"https:\/\/www.aesthetik.hu-berlin.de\/en\/wp-json\/wp\/v2\/users\/2"}],"replies":[{"embeddable":true,"href":"https:\/\/www.aesthetik.hu-berlin.de\/en\/wp-json\/wp\/v2\/comments?post=811"}],"version-history":[{"count":8,"href":"https:\/\/www.aesthetik.hu-berlin.de\/en\/wp-json\/wp\/v2\/posts\/811\/revisions"}],"predecessor-version":[{"id":2494,"href":"https:\/\/www.aesthetik.hu-berlin.de\/en\/wp-json\/wp\/v2\/posts\/811\/revisions\/2494"}],"wp:featuredmedia":[{"embeddable":true,"href":"https:\/\/www.aesthetik.hu-berlin.de\/en\/wp-json\/wp\/v2\/media\/812"}],"wp:attachment":[{"href":"https:\/\/www.aesthetik.hu-berlin.de\/en\/wp-json\/wp\/v2\/media?parent=811"}],"wp:term":[{"taxonomy":"category","embeddable":true,"href":"https:\/\/www.aesthetik.hu-berlin.de\/en\/wp-json\/wp\/v2\/categories?post=811"},{"taxonomy":"post_tag","embeddable":true,"href":"https:\/\/www.aesthetik.hu-berlin.de\/en\/wp-json\/wp\/v2\/tags?post=811"}],"curies":[{"name":"wp","href":"https:\/\/api.w.org\/{rel}","templated":true}]}}